{"id":356,"date":"2024-01-17T10:33:00","date_gmt":"2024-01-17T10:33:00","guid":{"rendered":"https:\/\/ayaz.ctemplate.com\/?p=356"},"modified":"2024-01-18T09:58:11","modified_gmt":"2024-01-18T09:58:11","slug":"ayaz-kaucuk-npe-the-plastics-showda-devrim-niteliginde-varligini-gosteriyor","status":"publish","type":"post","link":"https:\/\/www.ayazkaucuk.com\/es\/ayaz-kaucuk-npe-the-plastics-showda-devrim-niteliginde-varligini-gosteriyor\/","title":{"rendered":"VISITA A AYAZ KAU\u00c7UK DEL GOBERNADOR DE BURSA DEM\u0130RTA\u015e"},"content":{"rendered":"<p><em><strong>Bursa Valisi Mahmut Demirta\u015f ziyaretleri kapsam\u0131nda 150\u2019yi a\u015fk\u0131n i\u015fletmenin faaliyet g\u00f6sterdi\u011fi, 3 bini a\u015fk\u0131n ki\u015fiye istihdam sa\u011flayan, 100 milyon dolardan fazla d\u0131\u015f ticaret hacmi ile \u00f6ne \u00e7\u0131kan Bursa Deri \u0130htisas ve Karma Organize Sanayi B\u00f6lgesi\u2019nde incelemelerde bulunarak; Bursa\u2019n\u0131n k\u00f6kl\u00fc firmas\u0131 Ayaz Kau\u00e7uk\u2019a ziyaret ger\u00e7ekle\u015ftirdi.<\/strong><\/em><\/p>\n\n\n\n<p>Bursa Valisi Mahmut Demirta\u015f, Bursa\u2019n\u0131n en yeni Organize Sanayi B\u00f6lgelerinden biri olan\u00a0<strong>Bursa Deri \u0130htisas ve Karma Organize Sanayi B\u00f6lgesi<\/strong>\u2019nde sanayicilerle bir araya geldi.\u00a0\u00a0 Nil\u00fcfer \u0130l\u00e7e Kaymakam\u0131 Murat S\u00fczen, Nil\u00fcfer \u0130l\u00e7e Jandarma Komutan\u0131 \u00dcste\u011fmen Erdal Akta\u015f, Bursa Deri \u0130htisas ve Karma Organize Sanayi B\u00f6lgesi Ba\u015fkan\u0131 Murat \u00c7a\u011flar ile birlikte b\u00f6lgede incelemelerde bulunan Demirta\u015f; Bursa\u2019n\u0131n alan\u0131nda lider firmas\u0131 Ayaz Kau\u00e7uk\u2019u ziyaret etti.<\/p>\n\n\n\n<p><strong>\u00dcretim hatt\u0131m\u0131z\u0131 gezerek \u00e7al\u0131\u015fmalar\u0131m\u0131z\u0131 yerinde inceledikleri i\u00e7in te\u015fekk\u00fcr eder, faaliyet g\u00f6sterdi\u011fimiz alanlarda milli de\u011ferlerimize sad\u0131k bir misyonla, \u00fclkemizin istihdam, \u00fcretim, ihracat hedefleri do\u011frultusunda \u00e7al\u0131\u015fmalar\u0131m\u0131z\u0131 g\u00fc\u00e7l\u00fc bir \u015fekilde durmadan devam ettirece\u011fimizi belirtmekten gurur duyar\u0131z. \u2028\u2028Melasty<\/strong><\/p>\n\n\n\n<p><\/p>\n\n\n\n<figure class=\"wp-block-image size-full\"><img data-dominant-color=\"484245\" data-has-transparency=\"false\" style=\"--dominant-color: #484245;\" fetchpriority=\"high\" decoding=\"async\" width=\"650\" height=\"433\" src=\"https:\/\/www.ayazkaucuk.com\/wp-content\/uploads\/2023\/12\/DSCF0478-jpg.webp\" alt=\"\" class=\"not-transparent wp-image-967\" srcset=\"https:\/\/www.ayazkaucuk.com\/wp-content\/uploads\/2023\/12\/DSCF0478-jpg.webp 650w, https:\/\/www.ayazkaucuk.com\/wp-content\/uploads\/2023\/12\/DSCF0478-300x200.webp 300w\" sizes=\"(max-width: 650px) 100vw, 650px\" \/><\/figure>\n\n\n\n<p>Ayaz Kau\u00e7uk \u00e7al\u0131\u015fanlar\u0131na i\u015flerinde kolayl\u0131klar dileyen Demirta\u015f, Ayaz Kau\u00e7uk Y\u00f6netim Kurulu Ba\u015fkan\u0131 Hakan \u00d6zdo\u011fan ile birlikte fabrikada incelemelerde bulundu. Ayaz Kau\u00e7uk \u00fcretim hatt\u0131n\u0131 gezen ve firma hakk\u0131nda bilgiler alan Demirta\u015f, yerli ve milli \u00fcretimin \u00f6nemine vurgu yaparak Ayaz Kau\u00e7uk\u2019a \u00e7al\u0131\u015fmalar\u0131nda ba\u015far\u0131lar diledi.<\/p>\n\n\n\n<p><strong>Ayaz Kau\u00e7uk olarak, sadece m\u00fc\u015fterilerimize de\u011fil, ayn\u0131 zamanda Bursa \u015fehrimize ve \u00fclkemize katk\u0131 sa\u011flamaktan b\u00fcy\u00fck bir memnuniyet duyuyoruz. Vali Demirta\u015f&#8217;\u0131n ziyareti, bu de\u011ferli katk\u0131lar\u0131 daha da g\u00fc\u00e7lendirmek ad\u0131na motivasyon kayna\u011f\u0131m\u0131z olmu\u015ftur.<\/strong><\/p>\n\n\n\n<figure class=\"wp-block-image size-full\"><img data-dominant-color=\"69635c\" data-has-transparency=\"false\" style=\"--dominant-color: #69635c;\" decoding=\"async\" width=\"650\" height=\"433\" src=\"https:\/\/www.ayazkaucuk.com\/wp-content\/uploads\/2023\/12\/DSCF0506-jpg.webp\" alt=\"\" class=\"not-transparent wp-image-968\" srcset=\"https:\/\/www.ayazkaucuk.com\/wp-content\/uploads\/2023\/12\/DSCF0506-jpg.webp 650w, https:\/\/www.ayazkaucuk.com\/wp-content\/uploads\/2023\/12\/DSCF0506-300x200.webp 300w\" sizes=\"(max-width: 650px) 100vw, 650px\" \/><\/figure>\n\n\n\n<p><strong>HAKAN \u00d6ZDO\u011eAN, \u201c\u00c7ALI\u015eMALARIMIZI YER\u0130NDE \u0130NCELEYEN SAYIN VAL\u0130M\u0130ZE TE\u015eEKK\u00dcRLER\u0130M\u0130Z\u0130 SUNARIZ\u201d<\/strong><\/p>\n\n\n\n<p>Ayaz Kau\u00e7uk hakk\u0131nda bilgiler payla\u015fan Y\u00f6netim Kurulu Ba\u015fkan\u0131 Hakan \u00d6zdo\u011fan, \u201cSay\u0131n Valimize, \u0130l\u00e7e Kaymakam\u0131m\u0131za, \u0130l\u00e7e Jandarma Komutan\u0131m\u0131za ve Sanayi B\u00f6lgemizin k\u0131ymeti Ba\u015fkan\u0131 Murat \u00c7a\u011flar\u2019a ilgilerinden ve iyi dileklerinden dolay\u0131 te\u015fekk\u00fcrlerimizi sunar\u0131z. 1970 y\u0131l\u0131nda, \u00e7e\u015fitli sanayi alanlar\u0131 ve uygulamalar\u0131 i\u00e7in y\u00fcksek kalitede kau\u00e7uk ve plastik par\u00e7a \u00fcretimi amac\u0131yla kurulan firmam\u0131z bug\u00fcn; tar\u0131m, hayvanc\u0131l\u0131k ve otomotiv sekt\u00f6rleri ba\u015fta olmak \u00fczere otomotiv end\u00fcstrisininim ihtiya\u00e7lar\u0131na uygun \u015fekilde \u00e7al\u0131\u015fmalar\u0131n\u0131 s\u00fcrd\u00fcr\u00fcyor.<\/p>\n\n\n\n<figure class=\"wp-block-image size-full\"><img data-dominant-color=\"736c6b\" data-has-transparency=\"false\" style=\"--dominant-color: #736c6b;\" decoding=\"async\" width=\"650\" height=\"433\" src=\"https:\/\/www.ayazkaucuk.com\/wp-content\/uploads\/2023\/12\/ayaz-kaucuk-melasty-jpg.webp\" alt=\"\" class=\"not-transparent wp-image-969\" srcset=\"https:\/\/www.ayazkaucuk.com\/wp-content\/uploads\/2023\/12\/ayaz-kaucuk-melasty-jpg.webp 650w, https:\/\/www.ayazkaucuk.com\/wp-content\/uploads\/2023\/12\/ayaz-kaucuk-melasty-300x200.webp 300w\" sizes=\"(max-width: 650px) 100vw, 650px\" \/><\/figure>\n\n\n\n<p>50 y\u0131l\u0131 a\u015fk\u0131n s\u00fcredir faaliyet g\u00f6steren firmam\u0131z \u00f6zellikle s\u00fct sa\u011f\u0131m makineleri ve sa\u011f\u0131m sistemlerine y\u00f6nelik kaliteli ve geni\u015f \u00fcr\u00fcn yelpazesiyle i\u00e7 pazar\u0131n y\u00fczde 70\u2018ini kapsayarak lideri konumuna gelerek, 100\u2019\u00fc a\u015fk\u0131n \u00fclkeye ihracat ger\u00e7ekle\u015ftirmektedir.<\/p>\n\n\n\n<figure class=\"wp-block-image size-full is-resized\"><img data-dominant-color=\"555159\" data-has-transparency=\"false\" loading=\"lazy\" decoding=\"async\" width=\"650\" height=\"433\" src=\"https:\/\/www.ayazkaucuk.com\/wp-content\/uploads\/2023\/12\/melasty-uretim-jpg.webp\" alt=\"\" class=\"not-transparent wp-image-970\" style=\"--dominant-color: #555159; width:658px;height:auto\" srcset=\"https:\/\/www.ayazkaucuk.com\/wp-content\/uploads\/2023\/12\/melasty-uretim-jpg.webp 650w, https:\/\/www.ayazkaucuk.com\/wp-content\/uploads\/2023\/12\/melasty-uretim-300x200.webp 300w\" sizes=\"(max-width: 650px) 100vw, 650px\" \/><\/figure>\n\n\n\n<p>\u00c7al\u0131\u015fmalar\u0131m\u0131z\u0131 yerinde inceleyen Say\u0131n Valimize, \u0130l\u00e7e Kaymakam\u0131m\u0131z ve \u0130l\u00e7e Jandarma Komutan\u0131m\u0131za tekrar te\u015fekk\u00fcrlerimizi sunar\u0131z. Milli de\u011ferlerimize sad\u0131k bir misyonla, \u00fclkemizin istihdam, \u00fcretim, ihracat hedefleri do\u011frultusunda \u00e7al\u0131\u015fmalar\u0131m\u0131za g\u00fc\u00e7l\u00fc bir \u015fekilde durmadan devam edece\u011fiz.\u201d ifadelerini kulland\u0131.<\/p>\n\n\n\n<figure class=\"wp-block-image size-full is-resized\"><img data-dominant-color=\"5e5d5e\" data-has-transparency=\"false\" loading=\"lazy\" decoding=\"async\" width=\"1000\" height=\"667\" src=\"https:\/\/www.ayazkaucuk.com\/wp-content\/uploads\/2024\/01\/melasty-jpeg.webp\" alt=\"\" class=\"not-transparent wp-image-971\" style=\"--dominant-color: #5e5d5e; width:660px;height:auto\" srcset=\"https:\/\/www.ayazkaucuk.com\/wp-content\/uploads\/2024\/01\/melasty-jpeg.webp 1000w, https:\/\/www.ayazkaucuk.com\/wp-content\/uploads\/2024\/01\/melasty-300x200.webp 300w, https:\/\/www.ayazkaucuk.com\/wp-content\/uploads\/2024\/01\/melasty-768x512.webp 768w\" sizes=\"(max-width: 1000px) 100vw, 1000px\" \/><\/figure>","protected":false},"excerpt":{"rendered":"<p>Bursa Valisi Mahmut Demirta\u015f ziyaretleri kapsam\u0131nda 150\u2019yi a\u015fk\u0131n i\u015fletmenin faaliyet g\u00f6sterdi\u011fi, 3 bini a\u015fk\u0131n ki\u015fiye istihdam sa\u011flayan, 100 milyon dolardan fazla d\u0131\u015f ticaret hacmi ile \u00f6ne \u00e7\u0131kan Bursa Deri \u0130htisas ve Karma Organize Sanayi B\u00f6lgesi\u2019nde incelemelerde bulunarak; Bursa\u2019n\u0131n k\u00f6kl\u00fc firmas\u0131 Ayaz Kau\u00e7uk\u2019a ziyaret ger\u00e7ekle\u015ftirdi. Bursa Valisi Mahmut Demirta\u015f, Bursa\u2019n\u0131n en yeni Organize Sanayi B\u00f6lgelerinden biri [&hellip;]<\/p>","protected":false},"author":1,"featured_media":965,"comment_status":"open","ping_status":"open","sticky":false,"template":"","format":"standard","meta":{"footnotes":""},"categories":[1],"tags":[],"class_list":["post-356","post","type-post","status-publish","format-standard","has-post-thumbnail","hentry","category-uncategorized"],"_links":{"self":[{"href":"https:\/\/www.ayazkaucuk.com\/es\/wp-json\/wp\/v2\/posts\/356","targetHints":{"allow":["GET"]}}],"collection":[{"href":"https:\/\/www.ayazkaucuk.com\/es\/wp-json\/wp\/v2\/posts"}],"about":[{"href":"https:\/\/www.ayazkaucuk.com\/es\/wp-json\/wp\/v2\/types\/post"}],"author":[{"embeddable":true,"href":"https:\/\/www.ayazkaucuk.com\/es\/wp-json\/wp\/v2\/users\/1"}],"replies":[{"embeddable":true,"href":"https:\/\/www.ayazkaucuk.com\/es\/wp-json\/wp\/v2\/comments?post=356"}],"version-history":[{"count":0,"href":"https:\/\/www.ayazkaucuk.com\/es\/wp-json\/wp\/v2\/posts\/356\/revisions"}],"wp:featuredmedia":[{"embeddable":true,"href":"https:\/\/www.ayazkaucuk.com\/es\/wp-json\/wp\/v2\/media\/965"}],"wp:attachment":[{"href":"https:\/\/www.ayazkaucuk.com\/es\/wp-json\/wp\/v2\/media?parent=356"}],"wp:term":[{"taxonomy":"category","embeddable":true,"href":"https:\/\/www.ayazkaucuk.com\/es\/wp-json\/wp\/v2\/categories?post=356"},{"taxonomy":"post_tag","embeddable":true,"href":"https:\/\/www.ayazkaucuk.com\/es\/wp-json\/wp\/v2\/tags?post=356"}],"curies":[{"name":"wp","href":"https:\/\/api.w.org\/{rel}","templated":true}]}}