{"id":352,"date":"2023-10-10T10:26:00","date_gmt":"2023-10-10T10:26:00","guid":{"rendered":"https:\/\/ayaz.ctemplate.com\/?p=352"},"modified":"2024-01-19T09:10:07","modified_gmt":"2024-01-19T09:10:07","slug":"ayaz-kaucuk-plast-eurasia-istanbul-fuarinda-sektorune-yon-verdi","status":"publish","type":"post","link":"https:\/\/www.ayazkaucuk.com\/de\/ayaz-kaucuk-plast-eurasia-istanbul-fuarinda-sektorune-yon-verdi\/","title":{"rendered":"Ayaz Kau\u00e7uk erregt mit seinen innovativen L\u00f6sungen auf der Bursa-Landwirtschaftsmesse Aufmerksamkeit"},"content":{"rendered":"<p><strong><em>Bursa, 03-07 Ekim &#8211;<\/em> Sekt\u00f6rdeki en son geli\u015fmeleri takip eden ve g\u00fc\u00e7l\u00fc deneyimiyle \u00f6ne \u00e7\u0131kan Ayaz Kau\u00e7uk, Bursa Tar\u0131m Fuar\u0131 2023&#8217;te yerini alarak, kat\u0131l\u0131mc\u0131lara yenilik\u00e7i \u00e7\u00f6z\u00fcmlerini ve kaliteli hizmet anlay\u0131\u015f\u0131n\u0131 tan\u0131t\u0131yor.k fuar\u0131 olan Plast Eurasia \u0130stanbul&#8217;da boy g\u00f6sterdi. Bu prestijli etkinlik, Ayaz Kau\u00e7uk&#8217;un kalite ve yenilik konusundaki iddias\u0131n\u0131 sergileme ve sekt\u00f6re \u00f6nc\u00fcl\u00fck etme f\u0131rsat\u0131 tan\u0131d\u0131.<\/strong><\/p>\n\n\n\n<p>Ayaz Kau\u00e7uk, Bursa&#8217;n\u0131n \u00f6nde gelen tar\u0131m fuar\u0131nda, kau\u00e7uk ve plastik sekt\u00f6r\u00fcndeki liderli\u011fini bir kez daha g\u00f6sterme f\u0131rsat\u0131 buluyor. Firma, bu etkinlikte sekt\u00f6rdeki en son teknolojik geli\u015fmeleri, \u00fcr\u00fcn portf\u00f6y\u00fcndeki yenilikleri ve g\u00fc\u00e7l\u00fc deneyimini ziyaret\u00e7ilere aktaracak.<\/p>\n\n\n\n<figure class=\"wp-block-image size-full\"><img data-dominant-color=\"968e80\" data-has-transparency=\"true\" style=\"--dominant-color: #968e80;\" fetchpriority=\"high\" decoding=\"async\" width=\"327\" height=\"435\" src=\"https:\/\/www.ayazkaucuk.com\/wp-content\/uploads\/2024\/01\/melasty-ayaz-kaucu-1.png\" alt=\"\" class=\"has-transparency wp-image-977\" srcset=\"https:\/\/www.ayazkaucuk.com\/wp-content\/uploads\/2024\/01\/melasty-ayaz-kaucu-1.png 327w, https:\/\/www.ayazkaucuk.com\/wp-content\/uploads\/2024\/01\/melasty-ayaz-kaucu-1-226x300.png 226w\" sizes=\"(max-width: 327px) 100vw, 327px\" \/><\/figure>\n\n\n\n<p><strong>Yenilik\u00e7i \u00c7\u00f6z\u00fcmler ve Ba\u015far\u0131lar<\/strong><\/p>\n\n\n\n<p>Fuar stand\u0131nda Ayaz Kau\u00e7uk, tar\u0131m sekt\u00f6r\u00fc i\u00e7in \u00f6zel olarak tasarlanm\u0131\u015f kau\u00e7uk ve plastik \u00fcr\u00fcnlerini sergileyerek, sekt\u00f6re y\u00f6nelik \u00e7\u00f6z\u00fcmlerini tan\u0131tacak. Firman\u0131n son d\u00f6nemde elde etti\u011fi ba\u015far\u0131lar, fuara kat\u0131lan ziyaret\u00e7ilere \u00f6zel sunumlarla aktar\u0131lacak.<\/p>\n\n\n\n<p>Ayaz Kau\u00e7uk Y\u00f6netim Kurulu Ba\u015fkan\u0131 Hakan \u00d6zdo\u011fan, &#8220;Bursa Tar\u0131m Fuar\u0131, sekt\u00f6rdeki geli\u015fmeleri payla\u015fmak, yeni i\u015fbirlikleri kurmak ve m\u00fc\u015fterilerimizle do\u011frudan etkile\u015fimde bulunmak i\u00e7in \u00f6nemli bir platform sa\u011fl\u0131yor. Biz de Ayaz Kau\u00e7uk olarak, fuara kat\u0131l\u0131m\u0131m\u0131zla sekt\u00f6rdeki liderli\u011fimizi bir kez daha vurgulamak ve yenilik\u00e7i \u00e7\u00f6z\u00fcmlerimizi tan\u0131tmak i\u00e7in sab\u0131rs\u0131zlan\u0131yoruz&#8221; dedi.<\/p>\n\n\n\n<p><strong>S\u00fcrd\u00fcr\u00fclebilirlik ve \u00c7evre Dostu \u00dcr\u00fcnler<\/strong><\/p>\n\n\n\n<p>Ayaz Kau\u00e7uk, s\u00fcrd\u00fcr\u00fclebilirlik ve \u00e7evre dostu \u00fcr\u00fcnleriyle de dikkat \u00e7ekiyor. Firma, fuar kapsam\u0131nda \u00e7evresel sorumlulu\u011funu vurgulayarak, ye\u015fil teknoloji ve \u00e7evre dostu \u00fcretim s\u00fcre\u00e7leriyle sekt\u00f6re \u00f6rnek olmay\u0131 hedefliyor.<\/p>\n\n\n\n<figure class=\"wp-block-image size-full\"><img data-dominant-color=\"9b9996\" data-has-transparency=\"true\" style=\"--dominant-color: #9b9996;\" decoding=\"async\" width=\"327\" height=\"437\" src=\"https:\/\/www.ayazkaucuk.com\/wp-content\/uploads\/2024\/01\/melasty-burtarim.png\" alt=\"\" class=\"has-transparency wp-image-979\" srcset=\"https:\/\/www.ayazkaucuk.com\/wp-content\/uploads\/2024\/01\/melasty-burtarim.png 327w, https:\/\/www.ayazkaucuk.com\/wp-content\/uploads\/2024\/01\/melasty-burtarim-224x300.png 224w\" sizes=\"(max-width: 327px) 100vw, 327px\" \/><\/figure>\n\n\n\n<p>Bursa Tar\u0131m Fuar\u0131, Ayaz Kau\u00e7uk i\u00e7in sadece bir sergi alan\u0131 de\u011fil, ayn\u0131 zamanda sekt\u00f6rdeki payda\u015flarla bir araya gelerek gelecek i\u015fbirliklerini \u015fekillendirmek ad\u0131na \u00f6nemli bir platform olu\u015fturuyor. Firman\u0131n stand\u0131, ziyaret\u00e7ilere sekt\u00f6rdeki g\u00fcncel trendleri ve Ayaz&#8217;\u0131n vizyonunu daha yak\u0131ndan ke\u015ffetme f\u0131rsat\u0131 sunuyor.<\/p>","protected":false},"excerpt":{"rendered":"<p>Bursa, 03-07 Ekim &#8211; Sekt\u00f6rdeki en son geli\u015fmeleri takip eden ve g\u00fc\u00e7l\u00fc deneyimiyle \u00f6ne \u00e7\u0131kan Ayaz Kau\u00e7uk, Bursa Tar\u0131m Fuar\u0131 2023&#8217;te yerini alarak, kat\u0131l\u0131mc\u0131lara yenilik\u00e7i \u00e7\u00f6z\u00fcmlerini ve kaliteli hizmet anlay\u0131\u015f\u0131n\u0131 tan\u0131t\u0131yor.k fuar\u0131 olan Plast Eurasia \u0130stanbul&#8217;da boy g\u00f6sterdi. Bu prestijli etkinlik, Ayaz Kau\u00e7uk&#8217;un kalite ve yenilik konusundaki iddias\u0131n\u0131 sergileme ve sekt\u00f6re \u00f6nc\u00fcl\u00fck etme f\u0131rsat\u0131 tan\u0131d\u0131. [&hellip;]<\/p>","protected":false},"author":1,"featured_media":1037,"comment_status":"open","ping_status":"open","sticky":false,"template":"","format":"standard","meta":{"footnotes":""},"categories":[1],"tags":[],"class_list":["post-352","post","type-post","status-publish","format-standard","has-post-thumbnail","hentry","category-uncategorized"],"_links":{"self":[{"href":"https:\/\/www.ayazkaucuk.com\/de\/wp-json\/wp\/v2\/posts\/352","targetHints":{"allow":["GET"]}}],"collection":[{"href":"https:\/\/www.ayazkaucuk.com\/de\/wp-json\/wp\/v2\/posts"}],"about":[{"href":"https:\/\/www.ayazkaucuk.com\/de\/wp-json\/wp\/v2\/types\/post"}],"author":[{"embeddable":true,"href":"https:\/\/www.ayazkaucuk.com\/de\/wp-json\/wp\/v2\/users\/1"}],"replies":[{"embeddable":true,"href":"https:\/\/www.ayazkaucuk.com\/de\/wp-json\/wp\/v2\/comments?post=352"}],"version-history":[{"count":0,"href":"https:\/\/www.ayazkaucuk.com\/de\/wp-json\/wp\/v2\/posts\/352\/revisions"}],"wp:featuredmedia":[{"embeddable":true,"href":"https:\/\/www.ayazkaucuk.com\/de\/wp-json\/wp\/v2\/media\/1037"}],"wp:attachment":[{"href":"https:\/\/www.ayazkaucuk.com\/de\/wp-json\/wp\/v2\/media?parent=352"}],"wp:term":[{"taxonomy":"category","embeddable":true,"href":"https:\/\/www.ayazkaucuk.com\/de\/wp-json\/wp\/v2\/categories?post=352"},{"taxonomy":"post_tag","embeddable":true,"href":"https:\/\/www.ayazkaucuk.com\/de\/wp-json\/wp\/v2\/tags?post=352"}],"curies":[{"name":"wp","href":"https:\/\/api.w.org\/{rel}","templated":true}]}}